{"id":1755,"date":"2020-03-04T19:42:04","date_gmt":"2020-03-04T18:42:04","guid":{"rendered":"https:\/\/modellflug-grevenbroich.de\/wordpress\/?p=1755"},"modified":"2020-04-16T09:56:32","modified_gmt":"2020-04-16T07:56:32","slug":"flieger-fruehstueck","status":"publish","type":"post","link":"https:\/\/modellflug-grevenbroich.de\/wordpress\/?p=1755","title":{"rendered":"Flieger Fr\u00fchst\u00fcck"},"content":{"rendered":"\n<p>Ab April Treffen sich Mittwochs unsere Rentner Morgens um ca 9:30 Uhr bei uns im Clubhaus zum Fr\u00fchst\u00fcck,&nbsp;gem\u00fctlichen beisammen Sitzen, Fliegen oder doch nur Fachsimpeln.<br>Jeder ist Herzlich eingeladen dort mit zu machen.<br>Bei Interesse an dem Fr\u00fchst\u00fcck ist eine voranmeldung bei J\u00fcrgen Krude zwingend erforderlich, da dieser den Einkauf Organisiert.<br><br>Wer einfach nur so vorbei kommt zum Fliegen oder gem\u00fctliches beisammen Sitzen ohne mit zu&nbsp;<br>Fr\u00fchst\u00fccken der braucht sich vorab nicht Anmelden.<\/p>\n","protected":false},"excerpt":{"rendered":"<p>Ab April Treffen sich Mittwochs unsere Rentner Morgens um ca 9:30 Uhr bei uns im Clubhaus zum Fr\u00fchst\u00fcck,&nbsp;gem\u00fctlichen beisammen Sitzen, Fliegen oder doch nur Fachsimpeln.Jeder ist Herzlich eingeladen dort mit zu machen.Bei Interesse an dem Fr\u00fchst\u00fcck ist eine voranmeldung bei J\u00fcrgen Krude zwingend erforderlich, da dieser den Einkauf Organisiert. Wer einfach nur so vorbei kommt&nbsp;&hellip;<\/p>\n","protected":false},"author":14,"featured_media":1758,"comment_status":"open","ping_status":"open","sticky":false,"template":"","format":"standard","meta":{"footnotes":""},"categories":[1],"tags":[],"_links":{"self":[{"href":"https:\/\/modellflug-grevenbroich.de\/wordpress\/index.php?rest_route=\/wp\/v2\/posts\/1755"}],"collection":[{"href":"https:\/\/modellflug-grevenbroich.de\/wordpress\/index.php?rest_route=\/wp\/v2\/posts"}],"about":[{"href":"https:\/\/modellflug-grevenbroich.de\/wordpress\/index.php?rest_route=\/wp\/v2\/types\/post"}],"author":[{"embeddable":true,"href":"https:\/\/modellflug-grevenbroich.de\/wordpress\/index.php?rest_route=\/wp\/v2\/users\/14"}],"replies":[{"embeddable":true,"href":"https:\/\/modellflug-grevenbroich.de\/wordpress\/index.php?rest_route=%2Fwp%2Fv2%2Fcomments&post=1755"}],"version-history":[{"count":3,"href":"https:\/\/modellflug-grevenbroich.de\/wordpress\/index.php?rest_route=\/wp\/v2\/posts\/1755\/revisions"}],"predecessor-version":[{"id":1759,"href":"https:\/\/modellflug-grevenbroich.de\/wordpress\/index.php?rest_route=\/wp\/v2\/posts\/1755\/revisions\/1759"}],"wp:featuredmedia":[{"embeddable":true,"href":"https:\/\/modellflug-grevenbroich.de\/wordpress\/index.php?rest_route=\/wp\/v2\/media\/1758"}],"wp:attachment":[{"href":"https:\/\/modellflug-grevenbroich.de\/wordpress\/index.php?rest_route=%2Fwp%2Fv2%2Fmedia&parent=1755"}],"wp:term":[{"taxonomy":"category","embeddable":true,"href":"https:\/\/modellflug-grevenbroich.de\/wordpress\/index.php?rest_route=%2Fwp%2Fv2%2Fcategories&post=1755"},{"taxonomy":"post_tag","embeddable":true,"href":"https:\/\/modellflug-grevenbroich.de\/wordpress\/index.php?rest_route=%2Fwp%2Fv2%2Ftags&post=1755"}],"curies":[{"name":"wp","href":"https:\/\/api.w.org\/{rel}","templated":true}]}}